{"id":7071,"date":"2013-07-07T16:30:46","date_gmt":"2013-07-07T19:30:46","guid":{"rendered":"http:\/\/www.sepaco.eth.net.br\/?p=3010"},"modified":"2013-07-07T16:30:46","modified_gmt":"2013-07-07T19:30:46","slug":"campanha-jovem-pan-pela-vida-contra-as-drogas-foi-apresentada-na-sipat","status":"publish","type":"post","link":"http:\/\/www.sepacoautogestao.org.br\/home\/news\/campanha-jovem-pan-pela-vida-contra-as-drogas-foi-apresentada-na-sipat\/","title":{"rendered":"\u201cCampanha Jovem Pan pela vida contra as drogas\u201d foi apresentada na Sipat"},"content":{"rendered":"<p><a href=\"http:\/\/www.sepaco.eth.net.br\/wp-content\/uploads\/2013\/07\/drogas_baixa.jpg\"><img loading=\"lazy\" class=\"alignleft wp-image-3445 size-medium\" src=\"http:\/\/www.sepaco.eth.net.br\/wp-content\/uploads\/2013\/07\/drogas_baixa-300x300.jpg\" alt=\"\" width=\"300\" height=\"300\" \/><\/a>Com o tema \u201cFesta Junina\u201d, o Hospital Sepaco preparou este ano uma Sipat (Semana Interna de Preven\u00e7\u00e3o de Acidentes de Trabalho) repleta de atividades, que aconteceram 24 a 28 de junho, com palestras, a\u00e7\u00f5es l\u00fadicas, gincanas e massagens relaxantes. Neste arrai\u00e1 da seguran\u00e7a, o destaque foi para a a\u00e7\u00e3o \u201cCampanha Jovem Pan pela vida contra as drogas\u201d, coordenada pela jornalista Izilda Alves.<br \/>\nO projeto, idealizado pelo presidente da r\u00e1dio, Ant\u00f4nio Augusto Amaral de Carvalho, j\u00e1 percorre escolas e institui\u00e7\u00f5es h\u00e1 nove anos, levando informa\u00e7\u00e3o de qualidade sobre a import\u00e2ncia da preven\u00e7\u00e3o ao uso de drogas e \u00e1lcool. E, agora, chega \u00e0 institui\u00e7\u00e3o refor\u00e7ando a import\u00e2ncia da abordagem do assunto com rela\u00e7\u00e3o \u00e0 pr\u00e1tica da seguran\u00e7a.<br \/>\n\u201c\u00c9 importante falarmos aos profissionais da sa\u00fade, pois estes lidam diretamente com as consequ\u00eancias da utiliza\u00e7\u00e3o das drogas\u201d, destaca Izilda. A jornalista tamb\u00e9m acredita ser necess\u00e1rio passar conhecimento e informa\u00e7\u00e3o aos pais de adolescentes, principalmente, mostrando como se deve lidar e tratar o tema com os jovens nesta situa\u00e7\u00e3o.<br \/>\nPara F\u00e1bio Veronezi, presidente da CIPA (Comiss\u00e3o Interna de Preven\u00e7\u00e3o de Acidentes de Trabalho) no Sepaco, foi uma honra receber esta a\u00e7\u00e3o na Sipat. \u201cEsperamos com isso conscientizar colaboradores sobre a problem\u00e1tica das drogas para que entendam a gravidade do assunto e multipliquem as informa\u00e7\u00f5es para amigos e familiares\u201d, conta.<br \/>\nHamilton Inforzato Fanale, gerente de RH do Sepaco, concorda e completa: \u201cAgradecemos a presen\u00e7a da Jovem Pan na institui\u00e7\u00e3o. Temos certeza que esta campanha mobilizar\u00e1 o p\u00fablico e ser\u00e1 uma semente plantada para que a sensibiliza\u00e7\u00e3o perdure na vida de todos os seus participantes\u201d.<br \/>\nA \u201cCampanha Jovem Pan pela vida contra as drogas\u201d j\u00e1 foi premiada mais de 20 vezes, por prefeituras, empresas privadas e de direitos humanos.<\/p>\n","protected":false},"excerpt":{"rendered":"<p>Com o tema \u201cFesta Junina\u201d, o Hospital Sepaco preparou este ano uma Sipat (Semana Interna de Preven\u00e7\u00e3o de Acidentes de Trabalho) repleta de atividades, que aconteceram 24 a 28 de junho, com palestras, a\u00e7\u00f5es l\u00fadicas, gincanas e massagens relaxantes. Neste arrai\u00e1 da seguran\u00e7a, o destaque foi para a a\u00e7\u00e3o \u201cCampanha Jovem Pan pela vida contra as drogas\u201d, coordenada pela jornalista Izilda Alves. O projeto, idealizado pelo presidente da r\u00e1dio, Ant\u00f4nio Augusto Amaral de Carvalho, j\u00e1 percorre escolas e institui\u00e7\u00f5es h\u00e1 nove anos, levando informa\u00e7\u00e3o de qualidade sobre a import\u00e2ncia da preven\u00e7\u00e3o ao uso de drogas e \u00e1lcool. E, agora, chega \u00e0 institui\u00e7\u00e3o refor\u00e7ando a import\u00e2ncia da abordagem do assunto com rela\u00e7\u00e3o \u00e0 pr\u00e1tica da seguran\u00e7a. \u201c\u00c9 importante falarmos aos profissionais da sa\u00fade, pois estes lidam diretamente com as consequ\u00eancias da utiliza\u00e7\u00e3o das drogas\u201d, destaca Izilda. A jornalista tamb\u00e9m acredita ser necess\u00e1rio passar conhecimento e informa\u00e7\u00e3o aos pais de adolescentes, principalmente, mostrando como se deve lidar e tratar o tema com os jovens nesta situa\u00e7\u00e3o. Para F\u00e1bio Veronezi, presidente da CIPA (Comiss\u00e3o Interna de Preven\u00e7\u00e3o de Acidentes de Trabalho) no Sepaco, foi uma honra receber esta a\u00e7\u00e3o na Sipat. \u201cEsperamos com isso conscientizar colaboradores sobre a problem\u00e1tica das drogas para que entendam a gravidade do assunto e multipliquem as informa\u00e7\u00f5es para amigos e familiares\u201d, conta. Hamilton Inforzato Fanale, gerente de RH do Sepaco, concorda e completa: \u201cAgradecemos a presen\u00e7a da Jovem Pan na institui\u00e7\u00e3o. Temos certeza que esta campanha mobilizar\u00e1 o p\u00fablico e ser\u00e1 uma semente plantada para que a sensibiliza\u00e7\u00e3o perdure na vida de todos os seus participantes\u201d. A \u201cCampanha Jovem Pan pela vida contra as drogas\u201d j\u00e1 foi premiada mais de 20 vezes, por prefeituras, empresas privadas e de direitos humanos.<\/p>\n","protected":false},"author":3,"featured_media":0,"comment_status":"open","ping_status":"open","sticky":false,"template":"","format":"standard","meta":{"advgb_blocks_editor_width":"","advgb_blocks_columns_visual_guide":"","ub_ctt_via":"","_mi_skip_tracking":false,"_expiration-date-status":"","_expiration-date":0,"_expiration-date-type":"","_expiration-date-categories":[],"_expiration-date-options":[]},"categories":[112,115],"tags":[290],"author_meta":{"display_name":"Comunicacao Sepaco","author_link":"http:\/\/www.sepacoautogestao.org.br\/home\/author\/comunicacao\/"},"featured_img":null,"featured_image_src":null,"author_info":{"display_name":"Comunicacao Sepaco","author_link":"http:\/\/www.sepacoautogestao.org.br\/home\/author\/comunicacao\/"},"coauthors":[],"tax_additional":{"categories":{"linked":["<a href=\"http:\/\/www.sepacoautogestao.org.br\/home\/news\/\" class=\"advgb-post-tax-term\">Not\u00edcias<\/a>","<a href=\"http:\/\/www.sepacoautogestao.org.br\/home\/sem-categoria\/\" class=\"advgb-post-tax-term\">Sem categoria<\/a>"],"unlinked":["<span class=\"advgb-post-tax-term\">Not\u00edcias<\/span>","<span class=\"advgb-post-tax-term\">Sem categoria<\/span>"]},"tags":{"linked":["<a href=\"http:\/\/www.sepacoautogestao.org.br\/home\/sem-categoria\/\" class=\"advgb-post-tax-term\">\u201cCampanha Jovem Pan pela vida contra as drogas\u201d<\/a>"],"unlinked":["<span class=\"advgb-post-tax-term\">\u201cCampanha Jovem Pan pela vida contra as drogas\u201d<\/span>"]}},"comment_count":"0","relative_dates":{"created":"Posted 13 anos ago","modified":"Updated 13 anos ago"},"absolute_dates":{"created":"Posted on ","modified":"Updated on "},"absolute_dates_time":{"created":"Posted on  ","modified":"Updated on  "},"featured_img_caption":"","featured_image_src_square":null,"_links":{"self":[{"href":"http:\/\/www.sepacoautogestao.org.br\/home\/wp-json\/wp\/v2\/posts\/7071"}],"collection":[{"href":"http:\/\/www.sepacoautogestao.org.br\/home\/wp-json\/wp\/v2\/posts"}],"about":[{"href":"http:\/\/www.sepacoautogestao.org.br\/home\/wp-json\/wp\/v2\/types\/post"}],"author":[{"embeddable":true,"href":"http:\/\/www.sepacoautogestao.org.br\/home\/wp-json\/wp\/v2\/users\/3"}],"replies":[{"embeddable":true,"href":"http:\/\/www.sepacoautogestao.org.br\/home\/wp-json\/wp\/v2\/comments?post=7071"}],"version-history":[{"count":0,"href":"http:\/\/www.sepacoautogestao.org.br\/home\/wp-json\/wp\/v2\/posts\/7071\/revisions"}],"wp:attachment":[{"href":"http:\/\/www.sepacoautogestao.org.br\/home\/wp-json\/wp\/v2\/media?parent=7071"}],"wp:term":[{"taxonomy":"category","embeddable":true,"href":"http:\/\/www.sepacoautogestao.org.br\/home\/wp-json\/wp\/v2\/categories?post=7071"},{"taxonomy":"post_tag","embeddable":true,"href":"http:\/\/www.sepacoautogestao.org.br\/home\/wp-json\/wp\/v2\/tags?post=7071"}],"curies":[{"name":"wp","href":"https:\/\/api.w.org\/{rel}","templated":true}]}}