{"id":3481,"date":"2017-11-30T16:56:49","date_gmt":"2017-11-30T18:56:49","guid":{"rendered":"http:\/\/www.sepacoautogestao.org.br\/home\/?p=3481"},"modified":"2019-03-21T15:36:48","modified_gmt":"2019-03-21T18:36:48","slug":"setembro-amarelo-falar-e-a-melhor-solucao-para-evitar-o-suicidio","status":"publish","type":"post","link":"http:\/\/www.sepacoautogestao.org.br\/home\/noticias\/setembro-amarelo-falar-e-a-melhor-solucao-para-evitar-o-suicidio\/","title":{"rendered":"Setembro Amarelo: falar \u00e9 a melhor solu\u00e7\u00e3o para evitar o suic\u00eddio"},"content":{"rendered":"<p><strong><img loading=\"lazy\" class=\"alignleft wp-image-3483 \" src=\"http:\/\/www.sepacoautogestao.org.br\/home\/wp-content\/uploads\/2017\/11\/iStock-856392060.jpg\" alt=\"\" width=\"191\" height=\"199\" \/>Fatores de risco<\/strong><\/p>\n<p>Transtornos mentais: transtornos do humor (ex.: depress\u00e3o); transtornos mentais e de comportamento decorrentes do uso de subst\u00e2ncias psicoativas (ex.: alcoolismo); transtornos de personalidade (principalmente borderline, narcisista e antissocial); esquizofrenia; transtornos de ansiedade; comorbidade potencializa riscos (ex.: alcoolismo + depress\u00e3o)<\/p>\n<p>Sociodemogr\u00e1ficos: sexo masculino; faixas et\u00e1rias entre 15 e 35 anos e acima de 75 anos; estratos econ\u00f4micos extremos; residentes em \u00e1reas urbanas; desempregados (principalmente perda recente do emprego); aposentados; isolamento social; solteiros ou separados; migrantes.<\/p>\n<p>Psicol\u00f3gicos: perdas recentes; perdas dos pais na inf\u00e2ncia; Conv\u00edvio familiar conturbado; datas importantes; rea\u00e7\u00f5es de anivers\u00e1rio; personalidade com tra\u00e7os significativos de impulsividade, agressividade, humor inst\u00e1vel;<\/p>\n<p>Condi\u00e7\u00f5es cl\u00ednicas: doen\u00e7as org\u00e2nicas incapacitantes; dor cr\u00f4nica; les\u00f5es desfigurantes; epilepsia; trauma medular; neoplasias malignas; Aids.<\/p>\n<p>Aten\u00e7\u00e3o!!! Os principais fatores de risco para o suic\u00eddio s\u00e3o: hist\u00f3rico de tentativas de suic\u00eddio e transtorno mental.<\/p>\n<p>&nbsp;<\/p>\n<p><strong>Frases de alerta<\/strong><\/p>\n<p>Eu preferia estar morto<\/p>\n<p>Eu n\u00e3o posso fazer mais nada<\/p>\n<p>Eu n\u00e3o aguento mais<\/p>\n<p>Eu sou um perdedor e um peso para os outros<\/p>\n<p>Os outros v\u00e3o ser mais felizes sem mim<\/p>\n<p>&nbsp;<\/p>\n<p><strong>Sentimentos a observar<\/strong><\/p>\n<p>Depress\u00e3o<\/p>\n<p>Desesperan\u00e7a<\/p>\n<p>Desamparo<\/p>\n<p>Desespero<\/p>\n<p>&nbsp;<\/p>\n<p><strong>Mitos<\/strong><\/p>\n<p>Se eu falar sobre suic\u00eddio, poderei influenciar as pessoas<\/p>\n<p>Ele est\u00e1 amea\u00e7ando suic\u00eddio apenas para aparecer<\/p>\n<p>Quem quer se matar, se mata mesmo, n\u00e3o avisa<\/p>\n<p>&nbsp;<\/p>\n<p><strong>Como ajudar?<\/strong><\/p>\n<p>Uma abordagem calma, aberta, de aceita\u00e7\u00e3o e de n\u00e3o julgamento \u00e9 fundamental para facilitar a comunica\u00e7\u00e3o.<\/p>\n<p>Ou\u00e7a com cordialidade.<\/p>\n<p>Entender os sentimentos da pessoa (empatia).<\/p>\n<p>Ter respeito pelo sofrimento.<\/p>\n<p>Expressar respeito pelas opini\u00f5es e pelos valores da pessoa.<\/p>\n<p>Mostrar preocupa\u00e7\u00e3o e afeto.<\/p>\n<p>O suic\u00eddio \u00e9 um ato de covardia (ou de coragem)<\/p>\n<p>&nbsp;<\/p>\n","protected":false},"excerpt":{"rendered":"<p>Fatores de risco Transtornos mentais: transtornos do humor (ex.: depress\u00e3o); transtornos mentais e de comportamento decorrentes do uso de subst\u00e2ncias psicoativas (ex.: alcoolismo); transtornos de personalidade (principalmente borderline, narcisista e antissocial); esquizofrenia; transtornos de ansiedade; comorbidade potencializa riscos (ex.: alcoolismo + depress\u00e3o) Sociodemogr\u00e1ficos: sexo masculino; faixas et\u00e1rias entre 15 e 35 anos e acima de 75 anos; estratos econ\u00f4micos extremos; residentes em \u00e1reas urbanas; desempregados (principalmente perda recente do emprego); aposentados; isolamento social; solteiros ou separados; migrantes. Psicol\u00f3gicos: perdas recentes; perdas dos pais na inf\u00e2ncia; Conv\u00edvio familiar conturbado; datas importantes; rea\u00e7\u00f5es de anivers\u00e1rio; personalidade com tra\u00e7os significativos de impulsividade, agressividade, humor inst\u00e1vel; Condi\u00e7\u00f5es cl\u00ednicas: doen\u00e7as org\u00e2nicas incapacitantes; dor cr\u00f4nica; les\u00f5es desfigurantes; epilepsia; trauma medular; neoplasias malignas; Aids. Aten\u00e7\u00e3o!!! Os principais fatores de risco para o suic\u00eddio s\u00e3o: hist\u00f3rico de tentativas de suic\u00eddio e transtorno mental. &nbsp; Frases de alerta Eu preferia estar morto Eu n\u00e3o posso fazer mais nada Eu n\u00e3o aguento mais Eu sou um perdedor e um peso para os outros Os outros v\u00e3o ser mais felizes sem mim &nbsp; Sentimentos a observar Depress\u00e3o Desesperan\u00e7a Desamparo Desespero &nbsp; Mitos Se eu falar sobre suic\u00eddio, poderei influenciar as pessoas Ele est\u00e1 amea\u00e7ando suic\u00eddio apenas para aparecer Quem quer se matar, se mata mesmo, n\u00e3o avisa &nbsp; Como ajudar? Uma abordagem calma, aberta, de aceita\u00e7\u00e3o e de n\u00e3o julgamento \u00e9 fundamental para facilitar a comunica\u00e7\u00e3o. Ou\u00e7a com cordialidade. Entender os sentimentos da pessoa (empatia). Ter respeito pelo sofrimento. Expressar respeito pelas opini\u00f5es e pelos valores da pessoa. Mostrar preocupa\u00e7\u00e3o e afeto. O suic\u00eddio \u00e9 um ato de covardia (ou de coragem) &nbsp;<\/p>\n","protected":false},"author":1,"featured_media":0,"comment_status":"closed","ping_status":"closed","sticky":false,"template":"","format":"standard","meta":{"advgb_blocks_editor_width":"","advgb_blocks_columns_visual_guide":"","ub_ctt_via":"","_mi_skip_tracking":false,"_expiration-date-status":"saved","_expiration-date":0,"_expiration-date-type":"","_expiration-date-categories":[],"_expiration-date-options":[]},"categories":[111,73,5,75],"tags":[88,89],"author_meta":{"display_name":"master","author_link":"http:\/\/www.sepacoautogestao.org.br\/home\/author\/master\/"},"featured_img":null,"featured_image_src":null,"author_info":{"display_name":"master","author_link":"http:\/\/www.sepacoautogestao.org.br\/home\/author\/master\/"},"coauthors":[],"tax_additional":{"categories":{"linked":["<a href=\"http:\/\/www.sepacoautogestao.org.br\/home\/dicas-de-saude\/\" class=\"advgb-post-tax-term\">Dicas de Sa\u00fade<\/a>","<a href=\"http:\/\/www.sepacoautogestao.org.br\/home\/comunicados-e-noticias-empresas\/\" class=\"advgb-post-tax-term\">Empresas Associadas | Comunicados e Not\u00edcias<\/a>","<a href=\"http:\/\/www.sepacoautogestao.org.br\/home\/noticias\/\" class=\"advgb-post-tax-term\">Not\u00edcias<\/a>","<a href=\"http:\/\/www.sepacoautogestao.org.br\/home\/comunicados-e-noticias-prestadores\/\" class=\"advgb-post-tax-term\">Prestadores | Comunicados e Not\u00edcias<\/a>"],"unlinked":["<span class=\"advgb-post-tax-term\">Dicas de Sa\u00fade<\/span>","<span class=\"advgb-post-tax-term\">Empresas Associadas | Comunicados e Not\u00edcias<\/span>","<span class=\"advgb-post-tax-term\">Not\u00edcias<\/span>","<span class=\"advgb-post-tax-term\">Prestadores | Comunicados e Not\u00edcias<\/span>"]},"tags":{"linked":["<a href=\"http:\/\/www.sepacoautogestao.org.br\/home\/comunicados-e-noticias-prestadores\/\" class=\"advgb-post-tax-term\">Setembro Amarelo<\/a>","<a href=\"http:\/\/www.sepacoautogestao.org.br\/home\/comunicados-e-noticias-prestadores\/\" class=\"advgb-post-tax-term\">suic\u00eddio<\/a>"],"unlinked":["<span class=\"advgb-post-tax-term\">Setembro Amarelo<\/span>","<span class=\"advgb-post-tax-term\">suic\u00eddio<\/span>"]}},"comment_count":"0","relative_dates":{"created":"Posted 8 anos ago","modified":"Updated 7 anos ago"},"absolute_dates":{"created":"Posted on ","modified":"Updated on "},"absolute_dates_time":{"created":"Posted on  ","modified":"Updated on  "},"featured_img_caption":"","featured_image_src_square":null,"_links":{"self":[{"href":"http:\/\/www.sepacoautogestao.org.br\/home\/wp-json\/wp\/v2\/posts\/3481"}],"collection":[{"href":"http:\/\/www.sepacoautogestao.org.br\/home\/wp-json\/wp\/v2\/posts"}],"about":[{"href":"http:\/\/www.sepacoautogestao.org.br\/home\/wp-json\/wp\/v2\/types\/post"}],"author":[{"embeddable":true,"href":"http:\/\/www.sepacoautogestao.org.br\/home\/wp-json\/wp\/v2\/users\/1"}],"replies":[{"embeddable":true,"href":"http:\/\/www.sepacoautogestao.org.br\/home\/wp-json\/wp\/v2\/comments?post=3481"}],"version-history":[{"count":0,"href":"http:\/\/www.sepacoautogestao.org.br\/home\/wp-json\/wp\/v2\/posts\/3481\/revisions"}],"wp:attachment":[{"href":"http:\/\/www.sepacoautogestao.org.br\/home\/wp-json\/wp\/v2\/media?parent=3481"}],"wp:term":[{"taxonomy":"category","embeddable":true,"href":"http:\/\/www.sepacoautogestao.org.br\/home\/wp-json\/wp\/v2\/categories?post=3481"},{"taxonomy":"post_tag","embeddable":true,"href":"http:\/\/www.sepacoautogestao.org.br\/home\/wp-json\/wp\/v2\/tags?post=3481"}],"curies":[{"name":"wp","href":"https:\/\/api.w.org\/{rel}","templated":true}]}}