{"id":14297,"date":"2020-08-31T18:52:00","date_gmt":"2020-08-31T21:52:00","guid":{"rendered":"http:\/\/www.sepacoautogestao.org.br\/home\/?p=14297"},"modified":"2020-09-02T18:53:38","modified_gmt":"2020-09-02T21:53:38","slug":"sepaco-faz-alerta-no-dia-nacional-de-combate-ao-fumo","status":"publish","type":"post","link":"http:\/\/www.sepacoautogestao.org.br\/home\/promocao-a-saude\/sepaco-faz-alerta-no-dia-nacional-de-combate-ao-fumo\/","title":{"rendered":"Sepaco faz alerta no Dia Nacional de Combate ao Fumo"},"content":{"rendered":"\n<p>A Organiza\u00e7\u00e3o Mundial de Sa\u00fade (OMS) considera o tabagismo a principal causa evit\u00e1vel de adoecimento e mortes precoces em todo o mundo, e ao longo de mais de 20 anos vem empregando in\u00fameras medidas para serem adotadas no sentido de conscientizar a popula\u00e7\u00e3o global dos malef\u00edcios do cigarro e incentivar os fumantes a abandonarem o v\u00edcio.<\/p>\n\n\n\n<!--more-->\n\n\n\n<p>No Brasil, uma recente pesquisa realizada pelo Minist\u00e9rio da Sa\u00fade, por meio do Instituto Nacional de C\u00e2ncer (Inca), mostra que houve uma diminui\u00e7\u00e3o de 40% no n\u00famero de fumantes nos \u00faltimos 25 anos. Por\u00e9m indica que 18,8% da popula\u00e7\u00e3o brasileira com mais de 15 anos \u00e9 fumante. A preval\u00eancia \u00e9 maior entre as pessoas com menor escolaridade, al\u00e9m de ser maior entre os homens do que entre as mulheres. A Enfermeira Fl\u00e1via Ceccacci do N\u00facleo de Promo\u00e7\u00e3o \u00e0 Sa\u00fade do Sepaco Autogest\u00e3o, alerta sobre a import\u00e2ncia de abandonar o v\u00edcio para aumentar a qualidade de vida.<\/p>\n\n\n\n<p>Por entender toda a complexidade de abrir m\u00e3o de algo que, para o dependente, significa \u201cprazer\u201d, a Promo\u00e7\u00e3o \u00e0 Sa\u00fade do Sepaco Autogest\u00e3o, realiza um trabalho dentro das empresas papeleiras que promovem e orientam atividades para que as pessoas conhe\u00e7am todos os aspectos negativos do tabaco para si pr\u00f3prio e tamb\u00e9m para seus familiares (que se tornam fumantes passivos).<\/p>\n\n\n\n<p>A Enfermeira explica ainda que o tabagismo \u00e9 uma toxicomania caracterizada pela depend\u00eancia f\u00edsica, psicol\u00f3gica e comportamental do consumo da nicotina. Uma subst\u00e2ncia bastante poderosa capaz de estimular, deprimir ou perturbar o sistema nervoso central e outras partes do corpo humano, uma vez que chega ao c\u00e9rebro em apenas 7 segundos, sendo de 2 a 4 segundos mais r\u00e1pida que a coca\u00edna.<\/p>\n\n\n\n<p>J\u00e1 se constatou que o tabagismo est\u00e1 diretamente ligado como fator de risco para as doen\u00e7as como c\u00e2ncer no pulm\u00e3o, bronquite e enfisema pulmonar. Existem outras doen\u00e7as graves que podem ter rela\u00e7\u00e3o com o tabaco e precisam ser tratadas com severidade, tais como o infarto agudo do mioc\u00e1rdio, doen\u00e7as vasculares \u2013 AVE (Acidente Vascular Encef\u00e1lico) \u2013 e diversos tipos de c\u00e2ncer (boca, laringe, es\u00f4fago, rim, bexiga e colo de \u00fatero).<\/p>\n\n\n\n<p>Durante as atividades, a equipe multidisciplinar da Promo\u00e7\u00e3o \u00e0 Sa\u00fade, ainda destaca o risco que o cigarro traz para os fumantes passivos, pois na fuma\u00e7a do cigarro \u00e9 poss\u00edvel encontrar uma mistura de cerca de 4.720 componentes qu\u00edmicos, sendo 39 cancer\u00edgenos, como o mon\u00f3xido de carbono, naftalina e o alcatr\u00e3o. \u201cAprender a respeitar o pr\u00f3ximo pode colaborar para a diminui\u00e7\u00e3o de mortes e garantir que cada vez mais pessoas tenham uma vida plena e saud\u00e1vel\u201d, avalia Enfermeira Fl\u00e1via Ceccacci.<\/p>\n","protected":false},"excerpt":{"rendered":"<p>A Organiza\u00e7\u00e3o Mundial de Sa\u00fade (OMS) considera o tabagismo a principal causa evit\u00e1vel de adoecimento e mortes precoces em todo o mundo, e ao longo de mais de 20 anos vem empregando in\u00fameras medidas para serem adotadas no sentido de conscientizar a popula\u00e7\u00e3o global dos malef\u00edcios do cigarro e incentivar os fumantes a abandonarem o v\u00edcio.<\/p>\n","protected":false},"author":1,"featured_media":0,"comment_status":"closed","ping_status":"closed","sticky":false,"template":"","format":"standard","meta":{"advgb_blocks_editor_width":"","advgb_blocks_columns_visual_guide":"","ub_ctt_via":"","_mi_skip_tracking":false,"_expiration-date-status":"saved","_expiration-date":0,"_expiration-date-type":"","_expiration-date-categories":[],"_expiration-date-options":[]},"categories":[329],"tags":[],"author_meta":{"display_name":"master","author_link":"http:\/\/www.sepacoautogestao.org.br\/home\/author\/master\/"},"featured_img":null,"featured_image_src":null,"author_info":{"display_name":"master","author_link":"http:\/\/www.sepacoautogestao.org.br\/home\/author\/master\/"},"coauthors":[],"tax_additional":{"categories":{"linked":["<a href=\"http:\/\/www.sepacoautogestao.org.br\/home\/promocao-a-saude\/\" class=\"advgb-post-tax-term\">Blog da Promo\u00e7\u00e3o \u00c0 Sa\u00fade<\/a>"],"unlinked":["<span class=\"advgb-post-tax-term\">Blog da Promo\u00e7\u00e3o \u00c0 Sa\u00fade<\/span>"]}},"comment_count":"0","relative_dates":{"created":"Posted 6 anos ago","modified":"Updated 6 anos ago"},"absolute_dates":{"created":"Posted on ","modified":"Updated on "},"absolute_dates_time":{"created":"Posted on  ","modified":"Updated on  "},"featured_img_caption":"","featured_image_src_square":null,"_links":{"self":[{"href":"http:\/\/www.sepacoautogestao.org.br\/home\/wp-json\/wp\/v2\/posts\/14297"}],"collection":[{"href":"http:\/\/www.sepacoautogestao.org.br\/home\/wp-json\/wp\/v2\/posts"}],"about":[{"href":"http:\/\/www.sepacoautogestao.org.br\/home\/wp-json\/wp\/v2\/types\/post"}],"author":[{"embeddable":true,"href":"http:\/\/www.sepacoautogestao.org.br\/home\/wp-json\/wp\/v2\/users\/1"}],"replies":[{"embeddable":true,"href":"http:\/\/www.sepacoautogestao.org.br\/home\/wp-json\/wp\/v2\/comments?post=14297"}],"version-history":[{"count":3,"href":"http:\/\/www.sepacoautogestao.org.br\/home\/wp-json\/wp\/v2\/posts\/14297\/revisions"}],"predecessor-version":[{"id":14312,"href":"http:\/\/www.sepacoautogestao.org.br\/home\/wp-json\/wp\/v2\/posts\/14297\/revisions\/14312"}],"wp:attachment":[{"href":"http:\/\/www.sepacoautogestao.org.br\/home\/wp-json\/wp\/v2\/media?parent=14297"}],"wp:term":[{"taxonomy":"category","embeddable":true,"href":"http:\/\/www.sepacoautogestao.org.br\/home\/wp-json\/wp\/v2\/categories?post=14297"},{"taxonomy":"post_tag","embeddable":true,"href":"http:\/\/www.sepacoautogestao.org.br\/home\/wp-json\/wp\/v2\/tags?post=14297"}],"curies":[{"name":"wp","href":"https:\/\/api.w.org\/{rel}","templated":true}]}}