{"id":14064,"date":"2020-05-12T13:11:38","date_gmt":"2020-05-12T16:11:38","guid":{"rendered":"http:\/\/www.sepacoautogestao.org.br\/home\/?p=14064"},"modified":"2020-08-20T12:34:40","modified_gmt":"2020-08-20T15:34:40","slug":"o-novo-coronavirus-e-a-gestacao","status":"publish","type":"post","link":"http:\/\/www.sepacoautogestao.org.br\/home\/promocao-a-saude\/o-novo-coronavirus-e-a-gestacao\/","title":{"rendered":"O novo coronav\u00edrus e a gesta\u00e7\u00e3o"},"content":{"rendered":"\n<div class=\"wp-block-image\"><figure class=\"alignleft size-large is-resized\"><img loading=\"lazy\" src=\"http:\/\/www.sepacoautogestao.org.br\/home\/wp-content\/uploads\/2020\/05\/Gestante-1-1024x1024.jpg\" alt=\"\" class=\"wp-image-14077\" width=\"181\" height=\"181\" srcset=\"http:\/\/www.sepacoautogestao.org.br\/home\/wp-content\/uploads\/2020\/05\/Gestante-1-1024x1024.jpg 1024w, http:\/\/www.sepacoautogestao.org.br\/home\/wp-content\/uploads\/2020\/05\/Gestante-1-300x300.jpg 300w, http:\/\/www.sepacoautogestao.org.br\/home\/wp-content\/uploads\/2020\/05\/Gestante-1-150x150.jpg 150w, http:\/\/www.sepacoautogestao.org.br\/home\/wp-content\/uploads\/2020\/05\/Gestante-1-1536x1536.jpg 1536w, http:\/\/www.sepacoautogestao.org.br\/home\/wp-content\/uploads\/2020\/05\/Gestante-1-2048x2048.jpg 2048w\" sizes=\"(max-width: 181px) 100vw, 181px\" \/><\/figure><\/div>\n\n\n\n<p>A COVID-19 surgiu recentemente, no final de 2019, e as pesquisas para entender os impactos do novo coronav\u00edrus em gestantes ainda est\u00e3o em desenvolvimento.<\/p>\n\n\n\n<p>Com base nos dados atuais, havendo infec\u00e7\u00e3o da gestante pelo novo coronav\u00edrus, espera-se que a grande maioria das gestantes tenha apenas sintomas leves ou moderados semelhantes aos observados nos casos de gripe e resfriado. <\/p>\n\n\n\n<p>No entanto, algumas mudan\u00e7as no corpo da mulher gr\u00e1vida podem dificultar a recupera\u00e7\u00e3o diante de uma doen\u00e7a respirat\u00f3ria.<\/p>\n\n\n\n<p>Para se proteger da infec\u00e7\u00e3o, \u00e9 fundamental que a gestante redobre os cuidados de higiene para evitar o cont\u00e1gio e busque ajuda m\u00e9dica caso perceba sintomas como febre, tosse ou dificuldade para respirar.<\/p>\n\n\n\n<p>  <\/p>\n\n\n\n<div class=\"wp-block-advgb-accordions advgb-accordion-wrapper\">\n<div class=\"wp-block-advgb-accordion-item advgb-accordion-item\" style=\"margin-bottom:15px\"><div class=\"advgb-accordion-header\" style=\"background-color:#2973b8;color:#eee;border-style:solid;border-radius:2px\"><span class=\"advgb-accordion-header-icon\"><svg fill=\"#fff\" xmlns=\"http:\/\/www.w3.org\/2000\/svg\" width=\"24\" height=\"24\" viewbox=\"0 0 24 24\"><path fill=\"none\" d=\"M0,0h24v24H0V0z\"><\/path><path d=\"M12,5.83L15.17,9l1.41-1.41L12,3L7.41,7.59L8.83,9L12,5.83z M12,18.17L8.83,15l-1.41,1.41L12,21l4.59-4.59L15.17,15 L12,18.17z\"><\/path><\/svg><\/span><h4 class=\"advgb-accordion-header-title\" style=\"color:inherit\">Como se proteger do Coronav\u00edrus?<\/h4><\/div><div class=\"advgb-accordion-body\" style=\"border-style:solid !important;border-color:undefined !important;border-top:none !important;border-radius:2px !important\">\n<ul><li>Higienize as m\u00e3os com \u00e1lcool em gel ou \u00e1gua e sab\u00e3o<\/li><li>Evite tocar olhos, nariz e boca<\/li><li>Evite aglomera\u00e7\u00f5es<\/li><li>Cubra a boca e o nariz com a parte interna do cotovelo ou com len\u00e7o quando tossir ou espirrar<\/li><li>Fa\u00e7a a higieniza\u00e7\u00e3o frequente de todas as superf\u00edcies da casa<\/li><li>Siga o acompanhamento m\u00e9dico e busque ajuda m\u00e9dica caso perceba qualquer sintoma como febre, tosse ou dificuldade para respirar<\/li><\/ul>\n<\/div><\/div>\n\n\n\n<div class=\"wp-block-advgb-accordion-item advgb-accordion-item\" style=\"margin-bottom:15px\"><div class=\"advgb-accordion-header\" style=\"background-color:#2973b8;color:#eee;border-style:solid;border-radius:2px\"><span class=\"advgb-accordion-header-icon\"><svg fill=\"#fff\" xmlns=\"http:\/\/www.w3.org\/2000\/svg\" width=\"24\" height=\"24\" viewbox=\"0 0 24 24\"><path fill=\"none\" d=\"M0,0h24v24H0V0z\"><\/path><path d=\"M12,5.83L15.17,9l1.41-1.41L12,3L7.41,7.59L8.83,9L12,5.83z M12,18.17L8.83,15l-1.41,1.41L12,21l4.59-4.59L15.17,15 L12,18.17z\"><\/path><\/svg><\/span><h4 class=\"advgb-accordion-header-title\" style=\"color:inherit\">A COVID-19 pode ser transmitida da mulher para o beb\u00ea?<\/h4><\/div><div class=\"advgb-accordion-body\" style=\"border-style:solid !important;border-color:undefined !important;border-top:none !important;border-radius:2px !important\">\n<p>A transmiss\u00e3o entre m\u00e3e e beb\u00ea durante a gravidez ou parto ainda n\u00e3o foi identificada. Os estudos desenvolvidos at\u00e9 o momento n\u00e3o detectaram o v\u00edrus no l\u00edquido amni\u00f3tico ou leite materno. Al\u00e9m disso, as crian\u00e7as parecem estar protegidas de formas graves da COVID-19 e s\u00e3o raros os casos graves descritos.<\/p>\n<\/div><\/div>\n\n\n\n<div class=\"wp-block-advgb-accordion-item advgb-accordion-item\" style=\"margin-bottom:15px\"><div class=\"advgb-accordion-header\" style=\"background-color:#2973b8;color:#eee;border-style:solid;border-radius:2px\"><span class=\"advgb-accordion-header-icon\"><svg fill=\"#fff\" xmlns=\"http:\/\/www.w3.org\/2000\/svg\" width=\"24\" height=\"24\" viewbox=\"0 0 24 24\"><path fill=\"none\" d=\"M0,0h24v24H0V0z\"><\/path><path d=\"M12,5.83L15.17,9l1.41-1.41L12,3L7.41,7.59L8.83,9L12,5.83z M12,18.17L8.83,15l-1.41,1.41L12,21l4.59-4.59L15.17,15 L12,18.17z\"><\/path><\/svg><\/span><h4 class=\"advgb-accordion-header-title\" style=\"color:inherit\">Mulheres infectadas podem amamentar?<\/h4><\/div><div class=\"advgb-accordion-body\" style=\"border-style:solid !important;border-color:undefined !important;border-top:none !important;border-radius:2px !important\">\n<p>O processo de amamenta\u00e7\u00e3o \u00e9 uma importante forma de intera\u00e7\u00e3o entre a m\u00e3e e o beb\u00ea. Seus benef\u00edcios podem perdurar por toda a vida e estendem-se muito al\u00e9m dos nutricionais.<\/p>\n\n\n\n<p>O risco de contamina\u00e7\u00e3o do beb\u00ea durante a amamenta\u00e7\u00e3o existe, mas a observa\u00e7\u00e3o das recomenda\u00e7\u00f5es abaixo reduzem muito a chance disso acontecer. Por isso considere n\u00e3o privar seu beb\u00ea dos benef\u00edcios da amamenta\u00e7\u00e3o.<\/p>\n<\/div><\/div>\n\n\n\n<div class=\"wp-block-advgb-accordion-item advgb-accordion-item\" style=\"margin-bottom:15px\"><div class=\"advgb-accordion-header\" style=\"background-color:#2973b8;color:#eee;border-style:solid;border-radius:2px\"><span class=\"advgb-accordion-header-icon\"><svg fill=\"#fff\" xmlns=\"http:\/\/www.w3.org\/2000\/svg\" width=\"24\" height=\"24\" viewbox=\"0 0 24 24\"><path fill=\"none\" d=\"M0,0h24v24H0V0z\"><\/path><path d=\"M12,5.83L15.17,9l1.41-1.41L12,3L7.41,7.59L8.83,9L12,5.83z M12,18.17L8.83,15l-1.41,1.41L12,21l4.59-4.59L15.17,15 L12,18.17z\"><\/path><\/svg><\/span><h4 class=\"advgb-accordion-header-title\" style=\"color:inherit\">Quais medidas devem ser adotadas durante a amamenta\u00e7\u00e3o?<\/h4><\/div><div class=\"advgb-accordion-body\" style=\"border-style:solid !important;border-color:undefined !important;border-top:none !important;border-radius:2px !important\">\n<ul><li>Coloque a m\u00e1scara facial<\/li><li>Em seguida, higienize as m\u00e3os e as mamas antes de iniciar a amamenta\u00e7\u00e3o<\/li><li>Utilize m\u00e1scara facial durante toda a amamenta\u00e7\u00e3o. Ela deve cobrir completamente o nariz e a boca e estar ajustada ao seu rosto<\/li><li>Coloque e retire a m\u00e1scara pelos el\u00e1sticos ou fitas de fixa\u00e7\u00e3o. Nunca a toque durante a amamenta\u00e7\u00e3o pois ela se contamina durante o processo<\/li><li>Segure o beb\u00ea diretamente pele contra pele<\/li><li>Ao amamentar, procure voltar seu rosto em sentido contr\u00e1rio ao do beb\u00ea<\/li><li>Somente a retire a m\u00e1scara ap\u00f3s acomodar corretamente seu beb\u00ea no ber\u00e7o<\/li><\/ul>\n<\/div><\/div>\n\n\n\n<div class=\"wp-block-advgb-accordion-item advgb-accordion-item\" style=\"margin-bottom:15px\"><div class=\"advgb-accordion-header\" style=\"background-color:#2973b8;color:#eee;border-style:solid;border-radius:2px\"><span class=\"advgb-accordion-header-icon\"><svg fill=\"#fff\" xmlns=\"http:\/\/www.w3.org\/2000\/svg\" width=\"24\" height=\"24\" viewbox=\"0 0 24 24\"><path fill=\"none\" d=\"M0,0h24v24H0V0z\"><\/path><path d=\"M12,5.83L15.17,9l1.41-1.41L12,3L7.41,7.59L8.83,9L12,5.83z M12,18.17L8.83,15l-1.41,1.41L12,21l4.59-4.59L15.17,15 L12,18.17z\"><\/path><\/svg><\/span><h4 class=\"advgb-accordion-header-title\" style=\"color:inherit\">O que fazer caso a m\u00e3e n\u00e3o queira ou n\u00e3o possa amamentar?<\/h4><\/div><div class=\"advgb-accordion-body\" style=\"border-style:solid !important;border-color:undefined !important;border-top:none !important;border-radius:2px !important\">\n<p>Caso voc\u00ea n\u00e3o possa ou prefira n\u00e3o amamentar, voc\u00ea ainda poder\u00e1 fazer a ordenha do seu leite. Ele poder\u00e1 ser oferecido ao seu beb\u00ea atrav\u00e9s de mamadeira e, desta forma, os benef\u00edcios do leite humano n\u00e3o deixar\u00e3o de ser oferecidos.<\/p>\n\n\n\n<p>Esse processo \u00e9 seguro e n\u00e3o h\u00e1 relato de transmisss\u00e3o do novo coronav\u00edrus atrav\u00e9s do leite humano.<\/p>\n<\/div><\/div>\n<\/div>\n","protected":false},"excerpt":{"rendered":"<p>A COVID-19 surgiu recentemente, no final de 2019, e as pesquisas para entender os impactos do novo coronav\u00edrus em gestantes ainda est\u00e3o em desenvolvimento. Com base nos dados atuais, havendo infec\u00e7\u00e3o da gestante pelo novo coronav\u00edrus, espera-se que a grande maioria das gestantes tenha apenas sintomas leves ou moderados semelhantes aos observados nos casos de gripe e resfriado. No entanto, algumas mudan\u00e7as no corpo da mulher gr\u00e1vida podem dificultar a recupera\u00e7\u00e3o diante de uma doen\u00e7a respirat\u00f3ria. Para se proteger da infec\u00e7\u00e3o, \u00e9 fundamental que a gestante redobre os cuidados de higiene para evitar o cont\u00e1gio e busque ajuda m\u00e9dica caso perceba sintomas como febre, tosse ou dificuldade para respirar.<\/p>\n","protected":false},"author":1,"featured_media":0,"comment_status":"closed","ping_status":"closed","sticky":false,"template":"","format":"standard","meta":{"advgb_blocks_editor_width":"","advgb_blocks_columns_visual_guide":"","ub_ctt_via":"","_mi_skip_tracking":false,"_expiration-date-status":"saved","_expiration-date":0,"_expiration-date-type":"","_expiration-date-categories":[],"_expiration-date-options":[]},"categories":[329],"tags":[],"author_meta":{"display_name":"master","author_link":"http:\/\/www.sepacoautogestao.org.br\/home\/author\/master\/"},"featured_img":null,"featured_image_src":null,"author_info":{"display_name":"master","author_link":"http:\/\/www.sepacoautogestao.org.br\/home\/author\/master\/"},"coauthors":[],"tax_additional":{"categories":{"linked":["<a href=\"http:\/\/www.sepacoautogestao.org.br\/home\/promocao-a-saude\/\" class=\"advgb-post-tax-term\">Blog da Promo\u00e7\u00e3o \u00c0 Sa\u00fade<\/a>"],"unlinked":["<span class=\"advgb-post-tax-term\">Blog da Promo\u00e7\u00e3o \u00c0 Sa\u00fade<\/span>"]}},"comment_count":"0","relative_dates":{"created":"Posted 6 anos ago","modified":"Updated 6 anos ago"},"absolute_dates":{"created":"Posted on ","modified":"Updated on "},"absolute_dates_time":{"created":"Posted on  ","modified":"Updated on  "},"featured_img_caption":"","featured_image_src_square":null,"_links":{"self":[{"href":"http:\/\/www.sepacoautogestao.org.br\/home\/wp-json\/wp\/v2\/posts\/14064"}],"collection":[{"href":"http:\/\/www.sepacoautogestao.org.br\/home\/wp-json\/wp\/v2\/posts"}],"about":[{"href":"http:\/\/www.sepacoautogestao.org.br\/home\/wp-json\/wp\/v2\/types\/post"}],"author":[{"embeddable":true,"href":"http:\/\/www.sepacoautogestao.org.br\/home\/wp-json\/wp\/v2\/users\/1"}],"replies":[{"embeddable":true,"href":"http:\/\/www.sepacoautogestao.org.br\/home\/wp-json\/wp\/v2\/comments?post=14064"}],"version-history":[{"count":15,"href":"http:\/\/www.sepacoautogestao.org.br\/home\/wp-json\/wp\/v2\/posts\/14064\/revisions"}],"predecessor-version":[{"id":14233,"href":"http:\/\/www.sepacoautogestao.org.br\/home\/wp-json\/wp\/v2\/posts\/14064\/revisions\/14233"}],"wp:attachment":[{"href":"http:\/\/www.sepacoautogestao.org.br\/home\/wp-json\/wp\/v2\/media?parent=14064"}],"wp:term":[{"taxonomy":"category","embeddable":true,"href":"http:\/\/www.sepacoautogestao.org.br\/home\/wp-json\/wp\/v2\/categories?post=14064"},{"taxonomy":"post_tag","embeddable":true,"href":"http:\/\/www.sepacoautogestao.org.br\/home\/wp-json\/wp\/v2\/tags?post=14064"}],"curies":[{"name":"wp","href":"https:\/\/api.w.org\/{rel}","templated":true}]}}