{"id":13840,"date":"2020-03-25T15:20:33","date_gmt":"2020-03-25T18:20:33","guid":{"rendered":"http:\/\/www.sepacoautogestao.org.br\/home\/?p=13840"},"modified":"2020-03-25T15:20:33","modified_gmt":"2020-03-25T18:20:33","slug":"orientacoes-da-ans-sobre-procedimentos-cirurgicos-eletivos","status":"publish","type":"post","link":"http:\/\/www.sepacoautogestao.org.br\/home\/noticias\/orientacoes-da-ans-sobre-procedimentos-cirurgicos-eletivos\/","title":{"rendered":"Orienta\u00e7\u00f5es da ANS sobre procedimentos cir\u00fargicos eletivos"},"content":{"rendered":"<p>A Ag\u00eancia Nacional de Sa\u00fade Suplementar (ANS), em publica\u00e7\u00e3o de 12\/03\/2020 e 17\/03\/2020, orientou quanto a possibilidade de adiamento de procedimentos eletivos, ou seja, que n\u00e3o se enquadrem em casos de urg\u00eancia e emerg\u00eancia.<\/p>\n<p>Tal a\u00e7\u00e3o evitar\u00e1 que os pacientes saud\u00e1veis frequentem ambientes com risco de contamina\u00e7\u00e3o como as unidades hospitalares. Recomendamos aos nossos benefici\u00e1rios que possuam pedidos m\u00e9dicos para cirurgias eletivas, que consultem os seus m\u00e9dicos em rela\u00e7\u00e3o a eventuais adiamentos.<\/p>\n<p>O Sepaco Autogest\u00e3o esclarece que n\u00e3o interfere na conduta m\u00e9dica e na sua rela\u00e7\u00e3o com o paciente e que a nossa Central de Autoriza\u00e7\u00f5es permanece com atendimento mantido, autorizando as solicita\u00e7\u00f5es pertinentes.<\/p>\n","protected":false},"excerpt":{"rendered":"<p>A Ag\u00eancia Nacional de Sa\u00fade Suplementar (ANS), em publica\u00e7\u00e3o de 12\/03\/2020 e 17\/03\/2020, orientou quanto a possibilidade de adiamento de procedimentos eletivos, ou seja, que n\u00e3o se enquadrem em casos de urg\u00eancia e emerg\u00eancia. Tal a\u00e7\u00e3o evitar\u00e1 que os pacientes saud\u00e1veis frequentem ambientes com risco de contamina\u00e7\u00e3o como as unidades hospitalares. Recomendamos aos nossos benefici\u00e1rios que possuam pedidos m\u00e9dicos para cirurgias eletivas, que consultem os seus m\u00e9dicos em rela\u00e7\u00e3o a eventuais adiamentos. O Sepaco Autogest\u00e3o esclarece que n\u00e3o interfere na conduta m\u00e9dica e na sua rela\u00e7\u00e3o com o paciente e que a nossa Central de Autoriza\u00e7\u00f5es permanece com atendimento mantido, autorizando as solicita\u00e7\u00f5es pertinentes.<\/p>\n","protected":false},"author":1,"featured_media":0,"comment_status":"closed","ping_status":"closed","sticky":false,"template":"","format":"standard","meta":{"advgb_blocks_editor_width":"","advgb_blocks_columns_visual_guide":"","ub_ctt_via":"","_mi_skip_tracking":false,"_expiration-date-status":"saved","_expiration-date":0,"_expiration-date-type":"","_expiration-date-categories":[],"_expiration-date-options":[]},"categories":[5],"tags":[],"author_meta":{"display_name":"master","author_link":"http:\/\/www.sepacoautogestao.org.br\/home\/author\/master\/"},"featured_img":null,"featured_image_src":null,"author_info":{"display_name":"master","author_link":"http:\/\/www.sepacoautogestao.org.br\/home\/author\/master\/"},"coauthors":[],"tax_additional":{"categories":{"linked":["<a href=\"http:\/\/www.sepacoautogestao.org.br\/home\/noticias\/\" class=\"advgb-post-tax-term\">Not\u00edcias<\/a>"],"unlinked":["<span class=\"advgb-post-tax-term\">Not\u00edcias<\/span>"]}},"comment_count":"0","relative_dates":{"created":"Posted 6 anos ago","modified":"Updated 6 anos ago"},"absolute_dates":{"created":"Posted on ","modified":"Updated on "},"absolute_dates_time":{"created":"Posted on  ","modified":"Updated on  "},"featured_img_caption":"","featured_image_src_square":null,"_links":{"self":[{"href":"http:\/\/www.sepacoautogestao.org.br\/home\/wp-json\/wp\/v2\/posts\/13840"}],"collection":[{"href":"http:\/\/www.sepacoautogestao.org.br\/home\/wp-json\/wp\/v2\/posts"}],"about":[{"href":"http:\/\/www.sepacoautogestao.org.br\/home\/wp-json\/wp\/v2\/types\/post"}],"author":[{"embeddable":true,"href":"http:\/\/www.sepacoautogestao.org.br\/home\/wp-json\/wp\/v2\/users\/1"}],"replies":[{"embeddable":true,"href":"http:\/\/www.sepacoautogestao.org.br\/home\/wp-json\/wp\/v2\/comments?post=13840"}],"version-history":[{"count":0,"href":"http:\/\/www.sepacoautogestao.org.br\/home\/wp-json\/wp\/v2\/posts\/13840\/revisions"}],"wp:attachment":[{"href":"http:\/\/www.sepacoautogestao.org.br\/home\/wp-json\/wp\/v2\/media?parent=13840"}],"wp:term":[{"taxonomy":"category","embeddable":true,"href":"http:\/\/www.sepacoautogestao.org.br\/home\/wp-json\/wp\/v2\/categories?post=13840"},{"taxonomy":"post_tag","embeddable":true,"href":"http:\/\/www.sepacoautogestao.org.br\/home\/wp-json\/wp\/v2\/tags?post=13840"}],"curies":[{"name":"wp","href":"https:\/\/api.w.org\/{rel}","templated":true}]}}