{"id":12284,"date":"2018-09-18T18:52:17","date_gmt":"2018-09-18T21:52:17","guid":{"rendered":"http:\/\/www.sepaco.org.br\/?p=12284"},"modified":"2018-09-18T18:52:17","modified_gmt":"2018-09-18T21:52:17","slug":"setembro-amarelo-mes-de-prevencao-ao-suicidio","status":"publish","type":"post","link":"http:\/\/www.sepacoautogestao.org.br\/home\/news\/setembro-amarelo-mes-de-prevencao-ao-suicidio\/","title":{"rendered":"Setembro Amarelo: m\u00eas de preven\u00e7\u00e3o ao suic\u00eddio"},"content":{"rendered":"<p>Desde 2014, a\u00a0Associa\u00e7\u00e3o Brasileira de Psiquiatria \u2013 ABP, em parceria com o\u00a0Conselho Federal de Medicina \u2013 CFM, organiza nacionalmente o Setembro Amarelo. O dia 10 deste m\u00eas \u00e9, oficialmente, o\u00a0Dia Mundial de Preven\u00e7\u00e3o ao Suic\u00eddio, mas a campanha acontece durante todo o ano.<br \/>\n<strong><img loading=\"lazy\" class=\"size-full wp-image-12285 alignleft\" src=\"http:\/\/www.sepaco.org.br\/wp-content\/uploads\/2018\/09\/figura-1.jpg\" alt=\"\" width=\"442\" height=\"275\" \/>No Brasil, 32 pessoas cometem suic\u00eddio por dia!!!<\/strong><br \/>\nO suic\u00eddio \u00e9 uma grande quest\u00e3o de sa\u00fade p\u00fablica em todos os pa\u00edses. Segundo a Organiza\u00e7\u00e3o Mundial de Sa\u00fade (OMS, 2014), \u00e9 poss\u00edvel prevenir o suic\u00eddio, desde que, entre outras medidas, os profissionais de sa\u00fade, de todos os n\u00edveis de aten\u00e7\u00e3o, estejam aptos a reconhecerem os fatores de risco presentes, a fim de determinarem medidas para reduzir tal risco e evitar o suic\u00eddio.<br \/>\nO suic\u00eddio pode ser definido como um ato deliberado executado pelo pr\u00f3prio indiv\u00edduo, cuja inten\u00e7\u00e3o seja a morte, de forma consciente e intencional, mesmo que ambivalente, usando um meio que ele acredita ser letal. Tamb\u00e9m fazem parte do que habitualmente chamamos de comportamento suicida: os pensamentos, os planos e a tentativa de suic\u00eddio. Uma pequena propor\u00e7\u00e3o do comportamento suicida chega ao nosso conhecimento. A figura 1 ilustra a preval\u00eancia de comportamento suicida na popula\u00e7\u00e3o brasileira ao longo da vida mostrando, por exemplo, que 17% das pessoas no Brasil pensaram, em algum momento, em tirar a pr\u00f3pria vida<br \/>\n&nbsp;<br \/>\n<strong>Quais as barreiras \u00e0 detec\u00e7\u00e3o e \u00e0 preven\u00e7\u00e3o do suic\u00eddio? <\/strong><br \/>\nDiversos fatores podem impedir a detec\u00e7\u00e3o precoce e, consequentemente, a preven\u00e7\u00e3o do suic\u00eddio. O estigma e o tabu relacionados ao assunto s\u00e3o aspectos importantes. Durante s\u00e9culos de nossa hist\u00f3ria, por raz\u00f5es religiosas, morais e culturais o suic\u00eddio foi considerado um grande \u201cpecado\u201d, talvez o pior deles. Por esta raz\u00e3o, ainda temos medo e vergonha de falar abertamente sobre esse importante problema de sa\u00fade p\u00fablica.<br \/>\n<strong>O impacto do suic\u00eddio: por que prevenir? <\/strong><br \/>\nEm 2012, cerca de 804 mil pessoas morreram por suic\u00eddio em todo o mundo, o que corresponde a taxas ajustadas para idade de 11,4 por 100 mil habitantes por ano \u2013 15,0 para homens e 8,0 para mulheres (OMS, 2014). 15 A cada 40 segundos uma pessoa comete suic\u00eddio, e a cada tr\u00eas segundos uma pessoa atenta contra a pr\u00f3pria vida. As taxas de suic\u00eddio v\u00eam aumentando globalmente. Estima-se que at\u00e9 2020 poder\u00e1 ocorrer um incremento de 50% na incid\u00eancia anual de mortes por suic\u00eddio em todo o mundo, sendo que o n\u00famero de vidas perdidas desta forma, a cada ano, ultrapassa o n\u00famero de mortes decorrentes de homic\u00eddio e guerra combinados. Al\u00e9m disso, cada suic\u00eddio tem um s\u00e9rio impacto na vida de pelo menos outras seis pessoas.<br \/>\n<strong>Fatores de risco para o suic\u00eddio:<br \/>\n<\/strong><br \/>\n<img loading=\"lazy\" class=\"alignnone size-full wp-image-12286\" src=\"http:\/\/www.sepaco.org.br\/wp-content\/uploads\/2018\/09\/tabela-2.jpg\" alt=\"\" width=\"455\" height=\"596\" \/><br \/>\n<strong>Mitos sobre o comportamento suicida:<\/strong><br \/>\n<img loading=\"lazy\" class=\"alignnone size-full wp-image-12288\" src=\"http:\/\/www.sepaco.org.br\/wp-content\/uploads\/2018\/09\/Tabela-3.jpg\" alt=\"\" width=\"438\" height=\"500\" \/><br \/>\n<img loading=\"lazy\" class=\"alignnone size-full wp-image-12289\" src=\"http:\/\/www.sepaco.org.br\/wp-content\/uploads\/2018\/09\/Tabela-4.jpg\" alt=\"\" width=\"438\" height=\"429\" \/><br \/>\n<span style=\"color: #333300;\"><strong>Reconhecer, prevenir e tratar<\/strong><\/span><br \/>\nSuic\u00eddio \u00e9 um assunto s\u00e9rio: mais que um problema de sa\u00fade, configura-se como um dos v\u00e1rios sinais de quadros cl\u00ednicos mais complexos. Portanto, o\u00a0reconhecimento e planejamento terap\u00eautico deve ser obrigatoriamente realizado por um m\u00e9dico especialista, o Psiquiatra.<br \/>\nComo dito anteriormente, sempre vale a pena encaminhar um indiv\u00edduo para avalia\u00e7\u00e3o m\u00e9dica especializada aos m\u00ednimos sinais de que algo n\u00e3o vai bem.<br \/>\nNo Sepaco contamos com o <strong>Servi\u00e7o de Risco e Retaguarda Psiqui\u00e1trica<\/strong> que avalia em interconsulta alguns pacientes que se encontram internados por outros motivos (por exemplo cirurgias, eventos cl\u00ednicos diversos) e que necessitam de apoio quando h\u00e1 suspeita de doen\u00e7a mental subjacente.<br \/>\nA equipe \u00e9 coordenada pelo <strong>Dr. Luis Felipe de Oliveira Costa<\/strong> e conta com mais quatro psiquiatras, todos altamente qualificados.<br \/>\n&nbsp;<br \/>\nFonte: Coordenador de\u00a0Psiquiatria<br \/>\nLuis Felipe de Oliveira Costa<br \/>\nCRM: 112.977<br \/>\n<strong>Bibliografia:<br \/>\n<\/strong>Suic\u00eddio: informando para prevenir. Copyright \u00a9 2014 \u2013 Associa\u00e7\u00e3o Brasileira de Psiquiatria<\/p>\n","protected":false},"excerpt":{"rendered":"<p>Desde 2014, a\u00a0Associa\u00e7\u00e3o Brasileira de Psiquiatria \u2013 ABP, em parceria com o\u00a0Conselho Federal de Medicina \u2013 CFM, organiza nacionalmente o Setembro Amarelo. O dia 10 deste m\u00eas \u00e9, oficialmente, o\u00a0Dia Mundial de Preven\u00e7\u00e3o ao Suic\u00eddio, mas a campanha acontece durante todo o ano. No Brasil, 32 pessoas cometem suic\u00eddio por dia!!! O suic\u00eddio \u00e9 uma grande quest\u00e3o de sa\u00fade p\u00fablica em todos os pa\u00edses. Segundo a Organiza\u00e7\u00e3o Mundial de Sa\u00fade (OMS, 2014), \u00e9 poss\u00edvel prevenir o suic\u00eddio, desde que, entre outras medidas, os profissionais de sa\u00fade, de todos os n\u00edveis de aten\u00e7\u00e3o, estejam aptos a reconhecerem os fatores de risco presentes, a fim de determinarem medidas para reduzir tal risco e evitar o suic\u00eddio. O suic\u00eddio pode ser definido como um ato deliberado executado pelo pr\u00f3prio indiv\u00edduo, cuja inten\u00e7\u00e3o seja a morte, de forma consciente e intencional, mesmo que ambivalente, usando um meio que ele acredita ser letal. Tamb\u00e9m fazem parte do que habitualmente chamamos de comportamento suicida: os pensamentos, os planos e a tentativa de suic\u00eddio. Uma pequena propor\u00e7\u00e3o do comportamento suicida chega ao nosso conhecimento. A figura 1 ilustra a preval\u00eancia de comportamento suicida na popula\u00e7\u00e3o brasileira ao longo da vida mostrando, por exemplo, que 17% das pessoas no Brasil pensaram, em algum momento, em tirar a pr\u00f3pria vida &nbsp; Quais as barreiras \u00e0 detec\u00e7\u00e3o e \u00e0 preven\u00e7\u00e3o do suic\u00eddio? Diversos fatores podem impedir a detec\u00e7\u00e3o precoce e, consequentemente, a preven\u00e7\u00e3o do suic\u00eddio. O estigma e o tabu relacionados ao assunto s\u00e3o aspectos importantes. Durante s\u00e9culos de nossa hist\u00f3ria, por raz\u00f5es religiosas, morais e culturais o suic\u00eddio foi considerado um grande \u201cpecado\u201d, talvez o pior deles. Por esta raz\u00e3o, ainda temos medo e vergonha de falar abertamente sobre esse importante problema de sa\u00fade p\u00fablica. O impacto do suic\u00eddio: por que prevenir? Em 2012, cerca de 804 mil pessoas morreram por suic\u00eddio em todo o mundo, o que corresponde a taxas ajustadas para idade de 11,4 por 100 mil habitantes por ano \u2013 15,0 para homens e 8,0 para mulheres (OMS, 2014). 15 A cada 40 segundos uma pessoa comete suic\u00eddio, e a cada tr\u00eas segundos uma pessoa atenta contra a pr\u00f3pria vida. As taxas de suic\u00eddio v\u00eam aumentando globalmente. Estima-se que at\u00e9 2020 poder\u00e1 ocorrer um incremento de 50% na incid\u00eancia anual de mortes por suic\u00eddio em todo o mundo, sendo que o n\u00famero de vidas perdidas desta forma, a cada ano, ultrapassa o n\u00famero de mortes decorrentes de homic\u00eddio e guerra combinados. Al\u00e9m disso, cada suic\u00eddio tem um s\u00e9rio impacto na vida de pelo menos outras seis pessoas. Fatores de risco para o suic\u00eddio: Mitos sobre o comportamento suicida: Reconhecer, prevenir e tratar Suic\u00eddio \u00e9 um assunto s\u00e9rio: mais que um problema de sa\u00fade, configura-se como um dos v\u00e1rios sinais de quadros cl\u00ednicos mais complexos. Portanto, o\u00a0reconhecimento e planejamento terap\u00eautico deve ser obrigatoriamente realizado por um m\u00e9dico especialista, o Psiquiatra. Como dito anteriormente, sempre vale a pena encaminhar um indiv\u00edduo para avalia\u00e7\u00e3o m\u00e9dica especializada aos m\u00ednimos sinais de que algo n\u00e3o vai bem. No Sepaco contamos com o Servi\u00e7o de Risco e Retaguarda Psiqui\u00e1trica que avalia em interconsulta alguns pacientes que se encontram internados por outros motivos (por exemplo cirurgias, eventos cl\u00ednicos diversos) e que necessitam de apoio quando h\u00e1 suspeita de doen\u00e7a mental subjacente. A equipe \u00e9 coordenada pelo Dr. Luis Felipe de Oliveira Costa e conta com mais quatro psiquiatras, todos altamente qualificados. &nbsp; Fonte: Coordenador de\u00a0Psiquiatria Luis Felipe de Oliveira Costa CRM: 112.977 Bibliografia: Suic\u00eddio: informando para prevenir. Copyright \u00a9 2014 \u2013 Associa\u00e7\u00e3o Brasileira de Psiquiatria<\/p>\n","protected":false},"author":3,"featured_media":0,"comment_status":"open","ping_status":"open","sticky":false,"template":"","format":"standard","meta":{"advgb_blocks_editor_width":"","advgb_blocks_columns_visual_guide":"","ub_ctt_via":"","_mi_skip_tracking":false,"_expiration-date-status":"saved","_expiration-date":0,"_expiration-date-type":"","_expiration-date-categories":[],"_expiration-date-options":[]},"categories":[112],"tags":[],"author_meta":{"display_name":"Comunicacao Sepaco","author_link":"http:\/\/www.sepacoautogestao.org.br\/home\/author\/comunicacao\/"},"featured_img":null,"featured_image_src":null,"author_info":{"display_name":"Comunicacao Sepaco","author_link":"http:\/\/www.sepacoautogestao.org.br\/home\/author\/comunicacao\/"},"coauthors":[],"tax_additional":{"categories":{"linked":["<a href=\"http:\/\/www.sepacoautogestao.org.br\/home\/news\/\" class=\"advgb-post-tax-term\">Not\u00edcias<\/a>"],"unlinked":["<span class=\"advgb-post-tax-term\">Not\u00edcias<\/span>"]}},"comment_count":"0","relative_dates":{"created":"Posted 8 anos ago","modified":"Updated 8 anos ago"},"absolute_dates":{"created":"Posted on ","modified":"Updated on "},"absolute_dates_time":{"created":"Posted on  ","modified":"Updated on  "},"featured_img_caption":"","featured_image_src_square":null,"_links":{"self":[{"href":"http:\/\/www.sepacoautogestao.org.br\/home\/wp-json\/wp\/v2\/posts\/12284"}],"collection":[{"href":"http:\/\/www.sepacoautogestao.org.br\/home\/wp-json\/wp\/v2\/posts"}],"about":[{"href":"http:\/\/www.sepacoautogestao.org.br\/home\/wp-json\/wp\/v2\/types\/post"}],"author":[{"embeddable":true,"href":"http:\/\/www.sepacoautogestao.org.br\/home\/wp-json\/wp\/v2\/users\/3"}],"replies":[{"embeddable":true,"href":"http:\/\/www.sepacoautogestao.org.br\/home\/wp-json\/wp\/v2\/comments?post=12284"}],"version-history":[{"count":0,"href":"http:\/\/www.sepacoautogestao.org.br\/home\/wp-json\/wp\/v2\/posts\/12284\/revisions"}],"wp:attachment":[{"href":"http:\/\/www.sepacoautogestao.org.br\/home\/wp-json\/wp\/v2\/media?parent=12284"}],"wp:term":[{"taxonomy":"category","embeddable":true,"href":"http:\/\/www.sepacoautogestao.org.br\/home\/wp-json\/wp\/v2\/categories?post=12284"},{"taxonomy":"post_tag","embeddable":true,"href":"http:\/\/www.sepacoautogestao.org.br\/home\/wp-json\/wp\/v2\/tags?post=12284"}],"curies":[{"name":"wp","href":"https:\/\/api.w.org\/{rel}","templated":true}]}}