{"id":12234,"date":"2018-09-06T09:47:42","date_gmt":"2018-09-06T12:47:42","guid":{"rendered":"http:\/\/www.sepaco.org.br\/?p=12234"},"modified":"2018-09-06T09:47:42","modified_gmt":"2018-09-06T12:47:42","slug":"hospital-sepaco-realiza-o-2o-simposio-de-psicologia","status":"publish","type":"post","link":"http:\/\/www.sepacoautogestao.org.br\/home\/news\/hospital-sepaco-realiza-o-2o-simposio-de-psicologia\/","title":{"rendered":"Hospital Sepaco realiza o 2\u00ba Simp\u00f3sio de Psicologia"},"content":{"rendered":"<p>No dia 31 de agosto, mais de 70 pessoas se reuniram no audit\u00f3rio do Hospital Sepaco para a o 2\u00ba Simp\u00f3sio de Psicologia, com o tema &#8220;Pr\u00e1ticas psicol\u00f3gicas no hospital geral: qual o lugar do Psic\u00f3logo?&#8221;.<br \/>\nO evento foi realizado pela Psicocare, respons\u00e1vel pelo Servi\u00e7o de Psicologia do Hospital Sepaco, com o apoio do Instituto de Ensino e Pesquisa.<br \/>\nO cronograma foi dividido em duas mesas redondas que abordaram o atendimento psicol\u00f3gico ao paciente em situa\u00e7\u00e3o de vulnerabilidade e a articula\u00e7\u00e3o do psic\u00f3logo com a equipe multidisciplinar diante das emerg\u00eancias<br \/>\npsiqui\u00e1tricas.<br \/>\nConfira as fotos do evento:<br \/>\n&nbsp;<br \/>\n\n","protected":false},"excerpt":{"rendered":"<p>No dia 31 de agosto, mais de 70 pessoas se reuniram no audit\u00f3rio do Hospital Sepaco para a o 2\u00ba Simp\u00f3sio de Psicologia, com o tema &#8220;Pr\u00e1ticas psicol\u00f3gicas no hospital geral: qual o lugar do Psic\u00f3logo?&#8221;. O evento foi realizado pela Psicocare, respons\u00e1vel pelo Servi\u00e7o de Psicologia do Hospital Sepaco, com o apoio do Instituto de Ensino e Pesquisa. O cronograma foi dividido em duas mesas redondas que abordaram o atendimento psicol\u00f3gico ao paciente em situa\u00e7\u00e3o de vulnerabilidade e a articula\u00e7\u00e3o do psic\u00f3logo com a equipe multidisciplinar diante das emerg\u00eancias psiqui\u00e1tricas. Confira as fotos do evento: &nbsp;<\/p>\n","protected":false},"author":3,"featured_media":0,"comment_status":"open","ping_status":"open","sticky":false,"template":"","format":"standard","meta":{"advgb_blocks_editor_width":"","advgb_blocks_columns_visual_guide":"","ub_ctt_via":"","_mi_skip_tracking":false,"_expiration-date-status":"saved","_expiration-date":0,"_expiration-date-type":"","_expiration-date-categories":[],"_expiration-date-options":[]},"categories":[112],"tags":[],"author_meta":{"display_name":"Comunicacao Sepaco","author_link":"http:\/\/www.sepacoautogestao.org.br\/home\/author\/comunicacao\/"},"featured_img":null,"featured_image_src":null,"author_info":{"display_name":"Comunicacao Sepaco","author_link":"http:\/\/www.sepacoautogestao.org.br\/home\/author\/comunicacao\/"},"coauthors":[],"tax_additional":{"categories":{"linked":["<a href=\"http:\/\/www.sepacoautogestao.org.br\/home\/news\/\" class=\"advgb-post-tax-term\">Not\u00edcias<\/a>"],"unlinked":["<span class=\"advgb-post-tax-term\">Not\u00edcias<\/span>"]}},"comment_count":"0","relative_dates":{"created":"Posted 8 anos ago","modified":"Updated 8 anos ago"},"absolute_dates":{"created":"Posted on ","modified":"Updated on "},"absolute_dates_time":{"created":"Posted on  ","modified":"Updated on  "},"featured_img_caption":"","featured_image_src_square":null,"_links":{"self":[{"href":"http:\/\/www.sepacoautogestao.org.br\/home\/wp-json\/wp\/v2\/posts\/12234"}],"collection":[{"href":"http:\/\/www.sepacoautogestao.org.br\/home\/wp-json\/wp\/v2\/posts"}],"about":[{"href":"http:\/\/www.sepacoautogestao.org.br\/home\/wp-json\/wp\/v2\/types\/post"}],"author":[{"embeddable":true,"href":"http:\/\/www.sepacoautogestao.org.br\/home\/wp-json\/wp\/v2\/users\/3"}],"replies":[{"embeddable":true,"href":"http:\/\/www.sepacoautogestao.org.br\/home\/wp-json\/wp\/v2\/comments?post=12234"}],"version-history":[{"count":0,"href":"http:\/\/www.sepacoautogestao.org.br\/home\/wp-json\/wp\/v2\/posts\/12234\/revisions"}],"wp:attachment":[{"href":"http:\/\/www.sepacoautogestao.org.br\/home\/wp-json\/wp\/v2\/media?parent=12234"}],"wp:term":[{"taxonomy":"category","embeddable":true,"href":"http:\/\/www.sepacoautogestao.org.br\/home\/wp-json\/wp\/v2\/categories?post=12234"},{"taxonomy":"post_tag","embeddable":true,"href":"http:\/\/www.sepacoautogestao.org.br\/home\/wp-json\/wp\/v2\/tags?post=12234"}],"curies":[{"name":"wp","href":"https:\/\/api.w.org\/{rel}","templated":true}]}}