{"id":10919,"date":"2017-12-04T14:16:10","date_gmt":"2017-12-04T16:16:10","guid":{"rendered":"http:\/\/www.sepaco.org.br\/?p=10919"},"modified":"2017-12-04T14:16:10","modified_gmt":"2017-12-04T16:16:10","slug":"participe-do-1o-simposio-de-imobilizacao-ortopedica-do-hospital-sepaco","status":"publish","type":"post","link":"http:\/\/www.sepacoautogestao.org.br\/home\/news\/participe-do-1o-simposio-de-imobilizacao-ortopedica-do-hospital-sepaco\/","title":{"rendered":"Participe do 1\u00ba Simp\u00f3sio de Imobiliza\u00e7\u00e3o Ortop\u00e9dica do Hospital Sepaco"},"content":{"rendered":"<p><strong><img loading=\"lazy\" class=\" wp-image-10920 alignleft\" src=\"http:\/\/www.sepaco.org.br\/wp-content\/uploads\/2017\/12\/Simp\u00f3sio-Imobiliza\u00e7\u00e3o-ortop\u00e9dica-300x300.jpg\" alt=\"\" width=\"262\" height=\"269\" \/>Programa\u00e7\u00e3o:<br \/>\n19h15 \u00e0s 19h35 &#8211; Introdu\u00e7\u00e3o do T\u00e9cnico no esporte<br \/>\n<\/strong>Rodrigo Adriano da Silva &#8211; Hospital Sepaco<br \/>\nProf. Educa\u00e7\u00e3o F\u00edsica &#8211; UGF<br \/>\nProf. Imobiliza\u00e7\u00e3o Ortop\u00e9dica ASTEGO<br \/>\nAtividades F\u00edsicas e Traumatologia do Esporte EACH &#8211; USP<br \/>\nIntensive Basic Suport (Sobrati)<br \/>\nInstituto de Ortopedia e Traumatologia &#8211; USP<br \/>\n<strong>19h35 \u00e0s 19h50<br \/>\n<\/strong><strong>Atribui\u00e7\u00f5es e prerrogativas do T\u00e9cnico\u00a0<\/strong><br \/>\n<span style=\"color: #000000;\"><strong>Ailton Fernandes\u00a0<\/strong><\/span><br \/>\nPresidente da Ass. Brasileira dos T\u00e9cnicos de<br \/>\nImobiliza\u00e7\u00e3o Ortop\u00e9dica &#8211; Astego<br \/>\n&nbsp;<br \/>\n<strong><br \/>\n19h50 \u00e0s 20h20<br \/>\n<\/strong><strong>A import\u00e2ncia do T\u00e9cnico de Imobiliza\u00e7\u00e3o Ortop\u00e9dica no Esporte<br \/>\n<\/strong><strong>Celso Pereira dos Santos\u00a0<\/strong><br \/>\nProf. Educa\u00e7\u00e3o F\u00edsica &#8211; UGF<br \/>\nProf. Imobiliza\u00e7\u00e3o Ortop\u00e9dica IOT &#8211; USP<br \/>\nCoordenador da Equipe de Imobiliza\u00e7\u00e3o Esportiva dos Correios<br \/>\nProf. Beach Soccer FPBS<br \/>\n<strong>20h20 \u00e1s 20h35 &#8211; coffee\u00a0<\/strong><br \/>\n<strong>20h35 \u00e0s 20h50<br \/>\nPrimeiros atendimentos no esporte\u00a0<\/strong><br \/>\n<strong>Luciana Vieira Alves\u00a0<\/strong><br \/>\nEnfermeira &#8211; Universidade Anhembi Morumbi<br \/>\nP\u00f3s-graduada em Centro Cir\u00fargico Central de Material e Esteriliza\u00e7\u00e3o e Recupera\u00e7\u00e3o Anest\u00e9sica &#8211; Centro Universit\u00e1rio S\u00e3o Camilo<br \/>\nMBA em Gest\u00e3o e Auditoria dos Servi\u00e7os de Sa\u00fade &#8211; Universidade Cruzeiro do Sul<br \/>\n<strong>20h50 \u00e0s 21h15<br \/>\nImobiliza\u00e7\u00e3o para traumas de m\u00e3os, pr\u00e9 e p\u00f3s-cirurgia\u00a0<\/strong><br \/>\n<strong>Douglas Cunha\u00a0<\/strong><br \/>\nProf. Imobiliza\u00e7\u00e3o Ortop\u00e9dica Especialista em M\u00e3o &#8211; Hospital Cruz Azul<br \/>\n<strong>21h15 &#8211; encerramento\u00a0<\/strong><\/p>\n<hr \/>\n<p><strong>Local:<\/strong>\u00a0Hospital Sepaco &#8211; Rua Vergueiro, 4210 &#8211; Vila Mariana (SP)<br \/>\n<strong>Data:<\/strong> 15\/12 | <strong>Hor\u00e1rio:\u00a0<\/strong>19h<br \/>\n<strong>Local:<\/strong>\u00a0Audit\u00f3rio do S2<br \/>\n<strong>Inscri\u00e7\u00f5es e informa\u00e7\u00f5es:\u00a0<\/strong>iep@sepaco.org.br | Telefone:\u00a02182-4604<\/p>\n","protected":false},"excerpt":{"rendered":"<p>Programa\u00e7\u00e3o: 19h15 \u00e0s 19h35 &#8211; Introdu\u00e7\u00e3o do T\u00e9cnico no esporte Rodrigo Adriano da Silva &#8211; Hospital Sepaco Prof. Educa\u00e7\u00e3o F\u00edsica &#8211; UGF Prof. Imobiliza\u00e7\u00e3o Ortop\u00e9dica ASTEGO Atividades F\u00edsicas e Traumatologia do Esporte EACH &#8211; USP Intensive Basic Suport (Sobrati) Instituto de Ortopedia e Traumatologia &#8211; USP 19h35 \u00e0s 19h50 Atribui\u00e7\u00f5es e prerrogativas do T\u00e9cnico\u00a0 Ailton Fernandes\u00a0 Presidente da Ass. Brasileira dos T\u00e9cnicos de Imobiliza\u00e7\u00e3o Ortop\u00e9dica &#8211; Astego &nbsp; 19h50 \u00e0s 20h20 A import\u00e2ncia do T\u00e9cnico de Imobiliza\u00e7\u00e3o Ortop\u00e9dica no Esporte Celso Pereira dos Santos\u00a0 Prof. Educa\u00e7\u00e3o F\u00edsica &#8211; UGF Prof. Imobiliza\u00e7\u00e3o Ortop\u00e9dica IOT &#8211; USP Coordenador da Equipe de Imobiliza\u00e7\u00e3o Esportiva dos Correios Prof. Beach Soccer FPBS 20h20 \u00e1s 20h35 &#8211; coffee\u00a0 20h35 \u00e0s 20h50 Primeiros atendimentos no esporte\u00a0 Luciana Vieira Alves\u00a0 Enfermeira &#8211; Universidade Anhembi Morumbi P\u00f3s-graduada em Centro Cir\u00fargico Central de Material e Esteriliza\u00e7\u00e3o e Recupera\u00e7\u00e3o Anest\u00e9sica &#8211; Centro Universit\u00e1rio S\u00e3o Camilo MBA em Gest\u00e3o e Auditoria dos Servi\u00e7os de Sa\u00fade &#8211; Universidade Cruzeiro do Sul 20h50 \u00e0s 21h15 Imobiliza\u00e7\u00e3o para traumas de m\u00e3os, pr\u00e9 e p\u00f3s-cirurgia\u00a0 Douglas Cunha\u00a0 Prof. Imobiliza\u00e7\u00e3o Ortop\u00e9dica Especialista em M\u00e3o &#8211; Hospital Cruz Azul 21h15 &#8211; encerramento\u00a0 Local:\u00a0Hospital Sepaco &#8211; Rua Vergueiro, 4210 &#8211; Vila Mariana (SP) Data: 15\/12 | Hor\u00e1rio:\u00a019h Local:\u00a0Audit\u00f3rio do S2 Inscri\u00e7\u00f5es e informa\u00e7\u00f5es:\u00a0iep@sepaco.org.br | Telefone:\u00a02182-4604<\/p>\n","protected":false},"author":3,"featured_media":0,"comment_status":"open","ping_status":"open","sticky":false,"template":"","format":"standard","meta":{"advgb_blocks_editor_width":"","advgb_blocks_columns_visual_guide":"","ub_ctt_via":"","_mi_skip_tracking":false,"_expiration-date-status":"","_expiration-date":0,"_expiration-date-type":"","_expiration-date-categories":[],"_expiration-date-options":[]},"categories":[112],"tags":[],"author_meta":{"display_name":"Comunicacao Sepaco","author_link":"http:\/\/www.sepacoautogestao.org.br\/home\/author\/comunicacao\/"},"featured_img":null,"featured_image_src":null,"author_info":{"display_name":"Comunicacao Sepaco","author_link":"http:\/\/www.sepacoautogestao.org.br\/home\/author\/comunicacao\/"},"coauthors":[],"tax_additional":{"categories":{"linked":["<a href=\"http:\/\/www.sepacoautogestao.org.br\/home\/news\/\" class=\"advgb-post-tax-term\">Not\u00edcias<\/a>"],"unlinked":["<span class=\"advgb-post-tax-term\">Not\u00edcias<\/span>"]}},"comment_count":"0","relative_dates":{"created":"Posted 8 anos ago","modified":"Updated 8 anos ago"},"absolute_dates":{"created":"Posted on ","modified":"Updated on "},"absolute_dates_time":{"created":"Posted on  ","modified":"Updated on  "},"featured_img_caption":"","featured_image_src_square":null,"_links":{"self":[{"href":"http:\/\/www.sepacoautogestao.org.br\/home\/wp-json\/wp\/v2\/posts\/10919"}],"collection":[{"href":"http:\/\/www.sepacoautogestao.org.br\/home\/wp-json\/wp\/v2\/posts"}],"about":[{"href":"http:\/\/www.sepacoautogestao.org.br\/home\/wp-json\/wp\/v2\/types\/post"}],"author":[{"embeddable":true,"href":"http:\/\/www.sepacoautogestao.org.br\/home\/wp-json\/wp\/v2\/users\/3"}],"replies":[{"embeddable":true,"href":"http:\/\/www.sepacoautogestao.org.br\/home\/wp-json\/wp\/v2\/comments?post=10919"}],"version-history":[{"count":0,"href":"http:\/\/www.sepacoautogestao.org.br\/home\/wp-json\/wp\/v2\/posts\/10919\/revisions"}],"wp:attachment":[{"href":"http:\/\/www.sepacoautogestao.org.br\/home\/wp-json\/wp\/v2\/media?parent=10919"}],"wp:term":[{"taxonomy":"category","embeddable":true,"href":"http:\/\/www.sepacoautogestao.org.br\/home\/wp-json\/wp\/v2\/categories?post=10919"},{"taxonomy":"post_tag","embeddable":true,"href":"http:\/\/www.sepacoautogestao.org.br\/home\/wp-json\/wp\/v2\/tags?post=10919"}],"curies":[{"name":"wp","href":"https:\/\/api.w.org\/{rel}","templated":true}]}}