{"id":10876,"date":"2017-12-04T12:23:28","date_gmt":"2017-12-04T14:23:28","guid":{"rendered":"http:\/\/www.sepaco.org.br\/?p=10876"},"modified":"2017-12-04T12:23:28","modified_gmt":"2017-12-04T14:23:28","slug":"participe-da-reuniao-cientifica-do-hospital-sepaco-sobre-radioprotecao","status":"publish","type":"post","link":"http:\/\/www.sepacoautogestao.org.br\/home\/news\/participe-da-reuniao-cientifica-do-hospital-sepaco-sobre-radioprotecao\/","title":{"rendered":"Participe da Reuni\u00e3o Cient\u00edfica do Hospital Sepaco sobre Radioprote\u00e7\u00e3o"},"content":{"rendered":"<p><strong><img loading=\"lazy\" class=\"wp-image-10878 alignleft\" src=\"http:\/\/www.sepaco.org.br\/wp-content\/uploads\/2017\/12\/RC-radioprote\u00e7\u00e3o.jpg\" alt=\"\" width=\"336\" height=\"224\" \/>Palestrante: Guilherme Oberto<\/strong><br \/>\n<strong> Professor e Coordenador da Faculdade Famesp<\/strong><br \/>\n<strong>Temas:<\/strong><br \/>\nConceitos de radia\u00e7\u00e3o; Caracter\u00edsticas da radia\u00e7\u00e3o; Irradia\u00e7\u00e3o e contamina\u00e7\u00e3o; Aplica\u00e7\u00f5es na \u00e1rea de sa\u00fade; Conceitos de prote\u00e7\u00e3o radiol\u00f3gica; Princ\u00edpios de prote\u00e7\u00e3o radiol\u00f3gica e d\u00favidas frequentes<br \/>\n<strong>P\u00fablico-alvo:<\/strong> T\u00e9cnicos de Radiologia e Equipe de Enfermagem<br \/>\n<strong>Local:<\/strong> Hospital Sepaco &#8211; Rua Vergueiro, 4210 &#8211; Vila Mariana (SP)<br \/>\n<strong>Data:\u00a0<\/strong>13\/12\/17 | Hor\u00e1rio:\u00a019h<br \/>\n<strong>Informa\u00e7\u00f5es e inscri\u00e7\u00f5es:<\/strong> iep@sepaco.org.br ou Telefone:<span class=\"_Xbe _ZWk kno-fv\"><span data-dtype=\"d3ph\" data-local-attribute=\"d3ph\">(11) 2182-4604<\/span><\/span><\/p>\n","protected":false},"excerpt":{"rendered":"<p>Palestrante: Guilherme Oberto Professor e Coordenador da Faculdade Famesp Temas: Conceitos de radia\u00e7\u00e3o; Caracter\u00edsticas da radia\u00e7\u00e3o; Irradia\u00e7\u00e3o e contamina\u00e7\u00e3o; Aplica\u00e7\u00f5es na \u00e1rea de sa\u00fade; Conceitos de prote\u00e7\u00e3o radiol\u00f3gica; Princ\u00edpios de prote\u00e7\u00e3o radiol\u00f3gica e d\u00favidas frequentes P\u00fablico-alvo: T\u00e9cnicos de Radiologia e Equipe de Enfermagem Local: Hospital Sepaco &#8211; Rua Vergueiro, 4210 &#8211; Vila Mariana (SP) Data:\u00a013\/12\/17 | Hor\u00e1rio:\u00a019h Informa\u00e7\u00f5es e inscri\u00e7\u00f5es: iep@sepaco.org.br ou Telefone:(11) 2182-4604<\/p>\n","protected":false},"author":3,"featured_media":0,"comment_status":"open","ping_status":"open","sticky":false,"template":"","format":"standard","meta":{"advgb_blocks_editor_width":"","advgb_blocks_columns_visual_guide":"","ub_ctt_via":"","_mi_skip_tracking":false,"_expiration-date-status":"","_expiration-date":0,"_expiration-date-type":"","_expiration-date-categories":[],"_expiration-date-options":[]},"categories":[112],"tags":[],"author_meta":{"display_name":"Comunicacao Sepaco","author_link":"http:\/\/www.sepacoautogestao.org.br\/home\/author\/comunicacao\/"},"featured_img":null,"featured_image_src":null,"author_info":{"display_name":"Comunicacao Sepaco","author_link":"http:\/\/www.sepacoautogestao.org.br\/home\/author\/comunicacao\/"},"coauthors":[],"tax_additional":{"categories":{"linked":["<a href=\"http:\/\/www.sepacoautogestao.org.br\/home\/news\/\" class=\"advgb-post-tax-term\">Not\u00edcias<\/a>"],"unlinked":["<span class=\"advgb-post-tax-term\">Not\u00edcias<\/span>"]}},"comment_count":"0","relative_dates":{"created":"Posted 8 anos ago","modified":"Updated 8 anos ago"},"absolute_dates":{"created":"Posted on ","modified":"Updated on "},"absolute_dates_time":{"created":"Posted on  ","modified":"Updated on  "},"featured_img_caption":"","featured_image_src_square":null,"_links":{"self":[{"href":"http:\/\/www.sepacoautogestao.org.br\/home\/wp-json\/wp\/v2\/posts\/10876"}],"collection":[{"href":"http:\/\/www.sepacoautogestao.org.br\/home\/wp-json\/wp\/v2\/posts"}],"about":[{"href":"http:\/\/www.sepacoautogestao.org.br\/home\/wp-json\/wp\/v2\/types\/post"}],"author":[{"embeddable":true,"href":"http:\/\/www.sepacoautogestao.org.br\/home\/wp-json\/wp\/v2\/users\/3"}],"replies":[{"embeddable":true,"href":"http:\/\/www.sepacoautogestao.org.br\/home\/wp-json\/wp\/v2\/comments?post=10876"}],"version-history":[{"count":0,"href":"http:\/\/www.sepacoautogestao.org.br\/home\/wp-json\/wp\/v2\/posts\/10876\/revisions"}],"wp:attachment":[{"href":"http:\/\/www.sepacoautogestao.org.br\/home\/wp-json\/wp\/v2\/media?parent=10876"}],"wp:term":[{"taxonomy":"category","embeddable":true,"href":"http:\/\/www.sepacoautogestao.org.br\/home\/wp-json\/wp\/v2\/categories?post=10876"},{"taxonomy":"post_tag","embeddable":true,"href":"http:\/\/www.sepacoautogestao.org.br\/home\/wp-json\/wp\/v2\/tags?post=10876"}],"curies":[{"name":"wp","href":"https:\/\/api.w.org\/{rel}","templated":true}]}}